{"id":2641,"date":"2024-05-07T11:46:59","date_gmt":"2024-05-07T10:46:59","guid":{"rendered":"https:\/\/derpodcast.de\/wp\/?p=2641"},"modified":"2024-06-11T17:45:14","modified_gmt":"2024-06-11T16:45:14","slug":"teil-29-gefaehrliches-beschaeftigungsverhaeltnis","status":"publish","type":"post","link":"https:\/\/derpodcast.de\/wp\/2024\/05\/07\/teil-29-gefaehrliches-beschaeftigungsverhaeltnis\/","title":{"rendered":"Teil 29 &#8211; Gef\u00e4hrliches Besch\u00e4ftigungsverh\u00e4ltnis"},"content":{"rendered":"<p>2009 bestand die Nato 60 Jahre, was mit einem Gipfel in Baden-Baden, Kehl und Stra\u00dfburg gefeiert wurde. Zu diesem Anlass produzierte ich auch bei SWR3 mit Wirbi und Zeus &#8211; wie schon ein Jahr zuvor anl\u00e4sslich der Olympischen Spiele in Peking und der Fu\u00dfball-EM in \u00d6sterreich und der Schweiz\u00a0 &#8211; ordentlich Bl\u00f6dsinn: die <em>SWR3Minuten<\/em>.<\/p>\n<p>Es gab aber durchaus auch ernsteren Anlass zur Berichterstattung. In Stra\u00dfburg gab es Randale, in Freiburg wurde sie erwartet. An Themen mangelte es in diesem Zusammenhang nicht.<\/p>\n<p>Deshalb hatte ich bei SWR3, dem damaligen Chef vom Dienst, Norbert Diener, <a href=\"https:\/\/derpodcast.de\/wp\/wp-content\/uploads\/2024\/05\/Nato-Gipfel-Anfrage-an-Norbert.pdf\">via Email angefragt<\/a>, ob ich aus dem Studio Freiburg &#8211; dort hatte ich ein festes B\u00fcro &#8211; Beitr\u00e4ge zu den laufenden Sendungen produzieren solle.<\/p>\n<p>Ich fragte deshalb auch <strong>schriftlich<\/strong> an, weil ich aus der Personalabteilung des SWR in Stuttgart einen freundschaftlichen Hinweis erhielt. (\u201eKissel, hier herrscht seit geraumer Zeit Aufregung. Man sieht Dich arbeitsrechtlich als \u201eGraue Eminenz\u201c mit etwaigen Anspr\u00fcchen\u201c.)<\/p>\n<p>Ich war zu dieser Zeit schon \u00fcber 15 Jahre Mitarbeiter, hatte aber nie einen Rahmenvertrag unterschrieben. Man hatte mich schlicht und einfach vergessen. Arbeitsrechtlich unterlag ich dem Tarifvertrag f\u00fcr arbeitnehmer\u00e4hnliche Mitarbeiter.<\/p>\n<p>Zur\u00fcck zu meinen Beitragsangeboten zum Nato-Gipfel. Wie gesagt, ich fragte Norbert Diener an &#8211; den Programmchef Thomas Jung und den leitenden Redakteur Edgar Heinz in Kopie &#8211; und bekam <a href=\"https:\/\/derpodcast.de\/wp\/wp-content\/uploads\/2024\/04\/Antwort-Nato-Gipfel-mit-Schwaerzung.pdf\"><strong>diese<\/strong> Antwort<\/a> &#8211; aber nicht von Norbert Diener.<\/p>\n<p>Die Antwort war alllerdings nicht f\u00fcr mich bestimmt. Programmchef Thomas Jung hatte den verh\u00e4ngnisvollen Button \u201eAllen antworten\u201c gedr\u00fcckt.<\/p>\n<p>Somit setzte mich der SWR3-Programmchef unwillentlich in Kenntnis dar\u00fcber, dass man es im arbeitsrechtlichen Sinne sehr bedenklich fand, mich zu sehr in die Redaktion von SWR3 einzubinden. Und dass ich das Dank seiner Mithilfe nun wusste, wollte ich wiederum auch <a href=\"https:\/\/derpodcast.de\/wp\/wp-content\/uploads\/2024\/05\/Nato-Gipfel-Rueckantwort.pdf\">ihn wissen lassen<\/a>.<\/p>\n<p>Beim SWR war man bereits seit L\u00e4ngerem nerv\u00f6s ob meines arbeitsrechtlichen Status. M\u00f6glicherweise hatten sich aus meiner bisherigen Zugeh\u00f6rigkeit zum SWF\/SWR Rechte ergeben, die der Personalabteilung in Stuttgart ein Dorn im Auge waren.<\/p>\n<p>Dieser Vorgang zeigt, dass der SWR bereits mindestens zwei Jahre vor meinem Wunsch nach Statusfeststellung (M\u00e4rz 2011) Ma\u00dfnahmen ergriffen hat, um etwaige arbeitsrechtliche Forderungen meinerseits entgegenzutreten.<\/p>\n<p>Erst mit meiner Kandidatur f\u00fcr den Deutschen Bundestag (Einzelkandidat) 2013 lie\u00df der SWR die Maske fallen.<\/p>\n<p>Statt des von mir beantragten und <strong>genehmigungspflichtigen<\/strong> Vorbereitungsurlaubs f\u00fcr die Bundestagswahl 2013 (<a href=\"https:\/\/derpodcast.de\/wp\/2014\/02\/20\/teil-1-zur-sache\/\" target=\"_blank\" rel=\"noopener\">siehe Teil 1 im P.S.<\/a>), kam die \u201e<a href=\"https:\/\/derpodcast.de\/wp\/wp-content\/uploads\/2014\/02\/Mitteilung-\u00fcber-Besch\u00e4ftigungsende.pdf\">Mitteilung \u00fcber Nichtweiterbesch\u00e4ftigung<\/a>\u201c &#8211; also der Rauswurf aus dem SWR.<\/p>\n<p>Die <a href=\"https:\/\/derpodcast.de\/wp\/wp-content\/uploads\/2021\/08\/Schelberg-Antwort-auf-Festanstellungsanfrage.pdf\">vorausgegangene schriftliche Mitteilung<\/a>\u00a0 des Personalchefs Thomas Schelberg &#8211; ich sei auf der sicheren Seite &#8211; hatte sich als glatte L\u00fcge erwiesen.<\/p>\n","protected":false},"excerpt":{"rendered":"<p>2009 bestand die Nato 60 Jahre, was mit einem Gipfel in Baden-Baden, Kehl und Stra\u00dfburg gefeiert wurde. Zu diesem Anlass produzierte ich auch bei SWR3 mit Wirbi und Zeus &#8211; wie schon ein Jahr zuvor anl\u00e4sslich der Olympischen Spiele in Peking und der Fu\u00dfball-EM in \u00d6sterreich und der Schweiz\u00a0 &#8211; ordentlich Bl\u00f6dsinn: die SWR3Minuten. Es [&hellip;]<\/p>\n","protected":false},"author":2,"featured_media":1470,"comment_status":"open","ping_status":"closed","sticky":false,"template":"","format":"gallery","meta":{"ocean_post_layout":"","ocean_both_sidebars_style":"","ocean_both_sidebars_content_width":0,"ocean_both_sidebars_sidebars_width":0,"ocean_sidebar":"0","ocean_second_sidebar":"0","ocean_disable_margins":"enable","ocean_add_body_class":"","ocean_shortcode_before_top_bar":"","ocean_shortcode_after_top_bar":"","ocean_shortcode_before_header":"","ocean_shortcode_after_header":"","ocean_has_shortcode":"","ocean_shortcode_after_title":"","ocean_shortcode_before_footer_widgets":"","ocean_shortcode_after_footer_widgets":"","ocean_shortcode_before_footer_bottom":"","ocean_shortcode_after_footer_bottom":"","ocean_display_top_bar":"default","ocean_display_header":"default","ocean_header_style":"","ocean_center_header_left_menu":"0","ocean_custom_header_template":"0","ocean_custom_logo":0,"ocean_custom_retina_logo":0,"ocean_custom_logo_max_width":0,"ocean_custom_logo_tablet_max_width":0,"ocean_custom_logo_mobile_max_width":0,"ocean_custom_logo_max_height":0,"ocean_custom_logo_tablet_max_height":0,"ocean_custom_logo_mobile_max_height":0,"ocean_header_custom_menu":"0","ocean_menu_typo_font_family":"0","ocean_menu_typo_font_subset":"","ocean_menu_typo_font_size":0,"ocean_menu_typo_font_size_tablet":0,"ocean_menu_typo_font_size_mobile":0,"ocean_menu_typo_font_size_unit":"px","ocean_menu_typo_font_weight":"","ocean_menu_typo_font_weight_tablet":"","ocean_menu_typo_font_weight_mobile":"","ocean_menu_typo_transform":"","ocean_menu_typo_transform_tablet":"","ocean_menu_typo_transform_mobile":"","ocean_menu_typo_line_height":0,"ocean_menu_typo_line_height_tablet":0,"ocean_menu_typo_line_height_mobile":0,"ocean_menu_typo_line_height_unit":"","ocean_menu_typo_spacing":0,"ocean_menu_typo_spacing_tablet":0,"ocean_menu_typo_spacing_mobile":0,"ocean_menu_typo_spacing_unit":"","ocean_menu_link_color":"","ocean_menu_link_color_hover":"","ocean_menu_link_color_active":"","ocean_menu_link_background":"","ocean_menu_link_hover_background":"","ocean_menu_link_active_background":"","ocean_menu_social_links_bg":"","ocean_menu_social_hover_links_bg":"","ocean_menu_social_links_color":"","ocean_menu_social_hover_links_color":"","ocean_disable_title":"default","ocean_disable_heading":"default","ocean_post_title":"","ocean_post_subheading":"","ocean_post_title_style":"","ocean_post_title_background_color":"","ocean_post_title_background":0,"ocean_post_title_bg_image_position":"","ocean_post_title_bg_image_attachment":"","ocean_post_title_bg_image_repeat":"","ocean_post_title_bg_image_size":"","ocean_post_title_height":0,"ocean_post_title_bg_overlay":0.5,"ocean_post_title_bg_overlay_color":"","ocean_disable_breadcrumbs":"default","ocean_breadcrumbs_color":"","ocean_breadcrumbs_separator_color":"","ocean_breadcrumbs_links_color":"","ocean_breadcrumbs_links_hover_color":"","ocean_display_footer_widgets":"default","ocean_display_footer_bottom":"default","ocean_custom_footer_template":"0","ocean_post_oembed":"","ocean_post_self_hosted_media":"","ocean_post_video_embed":"","ocean_link_format":"","ocean_link_format_target":"self","ocean_quote_format":"","ocean_quote_format_link":"post","ocean_gallery_link_images":"on","ocean_gallery_id":[],"footnotes":""},"categories":[4],"tags":[402,404,403,238,164],"class_list":["post-2641","post","type-post","status-publish","format-gallery","has-post-thumbnail","hentry","category-arbeitskampf-im-swr","tag-arbeitsrecht","tag-kuendigung","tag-sozialrecht","tag-swr","tag-swr3","post_format-post-format-gallery","entry","has-media"],"_links":{"self":[{"href":"https:\/\/derpodcast.de\/wp\/wp-json\/wp\/v2\/posts\/2641","targetHints":{"allow":["GET"]}}],"collection":[{"href":"https:\/\/derpodcast.de\/wp\/wp-json\/wp\/v2\/posts"}],"about":[{"href":"https:\/\/derpodcast.de\/wp\/wp-json\/wp\/v2\/types\/post"}],"author":[{"embeddable":true,"href":"https:\/\/derpodcast.de\/wp\/wp-json\/wp\/v2\/users\/2"}],"replies":[{"embeddable":true,"href":"https:\/\/derpodcast.de\/wp\/wp-json\/wp\/v2\/comments?post=2641"}],"version-history":[{"count":11,"href":"https:\/\/derpodcast.de\/wp\/wp-json\/wp\/v2\/posts\/2641\/revisions"}],"predecessor-version":[{"id":2728,"href":"https:\/\/derpodcast.de\/wp\/wp-json\/wp\/v2\/posts\/2641\/revisions\/2728"}],"wp:featuredmedia":[{"embeddable":true,"href":"https:\/\/derpodcast.de\/wp\/wp-json\/wp\/v2\/media\/1470"}],"wp:attachment":[{"href":"https:\/\/derpodcast.de\/wp\/wp-json\/wp\/v2\/media?parent=2641"}],"wp:term":[{"taxonomy":"category","embeddable":true,"href":"https:\/\/derpodcast.de\/wp\/wp-json\/wp\/v2\/categories?post=2641"},{"taxonomy":"post_tag","embeddable":true,"href":"https:\/\/derpodcast.de\/wp\/wp-json\/wp\/v2\/tags?post=2641"}],"curies":[{"name":"wp","href":"https:\/\/api.w.org\/{rel}","templated":true}]}}