{"id":1843,"date":"2014-08-21T16:14:52","date_gmt":"2014-08-21T15:14:52","guid":{"rendered":"http:\/\/derpodcast.de\/wp\/?p=1843"},"modified":"2024-07-10T14:33:02","modified_gmt":"2024-07-10T13:33:02","slug":"teil-13-neues-aus-muenchhausen","status":"publish","type":"post","link":"https:\/\/derpodcast.de\/wp\/2014\/08\/21\/teil-13-neues-aus-muenchhausen\/","title":{"rendered":"Teil 13 &#8211; Neues aus M\u00fcnchhausen"},"content":{"rendered":"<p><strong>Im offenen Brief an den Intendanten des SWR hatte ich detailliert nachgewiesen, dass der Syndikus im SWR-Justitiariat, Peter Wiechmann, mehrfach vor Gericht und dem Gericht gegen\u00fcber gelogen hat. Eine Woche sp\u00e4ter antwortete Intendant Peter Boudgoust. Nein, er lie\u00df antworten.<\/strong><\/p>\n<p>Der Leiter der Intendanz, Thomas Dauser, \u00fcbernahm diese Aufgabe. Doch statt zur Aufkl\u00e4rung, die einer geb\u00fchrenfinanzierten \u00f6ffentlich-rechtlichen Medienanstalt durchaus anst\u00fcnde, taugt das Papier aus Stuttgart lediglich dazu, den inneren Zustand der Anstalt zu dokumentieren. Und der ist &#8211; was die ihre Glaubw\u00fcrdigkeit angeht &#8211; mehr als bedenklich.<\/p>\n<p>Wie weiland die Bildzeitung die &#8222;DDR&#8220; in Anf\u00fchrungsstriche zu setzen pflegte, bediente sich auch der Leiter der Intendanz dieses unbrauchbaren Stilmittels, als er mir auf meinen &#8222;offenen Brief&#8220; antwortete.<\/p>\n<p><a href=\"https:\/\/derpodcast.de\/wp\/wp-content\/uploads\/2014\/08\/SWR-Antwort-auf-Offenen-Brief-an-den-Intendanten.pdf\">Sein Schreiben <\/a>beinhaltet &#8211; trotz meiner l\u00fcckenlosen Beweisf\u00fchrung &#8211; die \u00fcbliche Zur\u00fcckweisung der Vorw\u00fcrfe. Doch weiter hei\u00dft es dort w\u00f6rtlich: <em>&#8222;So hat der Rechtsvertreter des SWR im laufenden Gerichtsverfahren zu keiner Zeit behauptet, Sie h\u00e4tten &#8222;keinen festen Wohnsitz und w\u00fcrden in einem Wohnmobil leben&#8220;.<\/em><\/p>\n<p><strong>Allein, auch diese Aussage ist eine L\u00fcge!<\/strong> Der Leiter der Intendanz f\u00fchrt im SWR selbst\u00e4ndig oder im Auftrag des Intendanten &#8211; unbeeindruckt von den tats\u00e4chlichen Begebenheiten \u2013 das System der nicht strafbewehrten Falschdarstellungen fort.<\/p>\n<p>Es ist <a href=\"https:\/\/derpodcast.de\/wp\/wp-content\/uploads\/2014\/08\/AG-FR-Best\u00e4tigung-Leben-im-Wohnmobil-mit-Markierung.pdf\">dieses Schreiben<\/a> der Vorsitzenden Richterin am Arbeitsgerichts Freiburg, das unmissverst\u00e4ndlich den Beweis f\u00fcr die Richtigkeit meiner Behauptung erbringt und es \u00fcberf\u00fchrt gleichzeitig den SWR erneut einer L\u00fcge.<\/p>\n<p>Man mag das Vorgehen des SWR dumm, dreist oder gar dummdreist nennen. Auf jeden Fall zeigt es, dass sich dieser \u00f6ffentlich-rechtliche Sender nicht zu schade ist, die Wahrheit zu beugen. Das ist ein Skandal &#8211; und er wird nicht ohne Folgen bleiben.<\/p>\n<p><strong>(Nachtrag vom 7. Oktober 2014: Dieser Blogeintrag muss in Verbindung mit dem folgenden &#8211; Teil 14 &#8211; gesehen werden, da die gelb markierte Formulierung der Vorsitzenden Richterin in obigem Schreiben inhaltlich nicht haltbar ist.)<\/strong><\/p>\n","protected":false},"excerpt":{"rendered":"<p>Im offenen Brief an den Intendanten des SWR hatte ich detailliert nachgewiesen, dass der Syndikus im SWR-Justitiariat, Peter Wiechmann, mehrfach vor Gericht und dem Gericht gegen\u00fcber gelogen hat. Eine Woche sp\u00e4ter antwortete Intendant Peter Boudgoust. Nein, er lie\u00df antworten. Der Leiter der Intendanz, Thomas Dauser, \u00fcbernahm diese Aufgabe. Doch statt zur Aufkl\u00e4rung, die einer geb\u00fchrenfinanzierten [&hellip;]<\/p>\n","protected":false},"author":2,"featured_media":1470,"comment_status":"open","ping_status":"closed","sticky":false,"template":"","format":"standard","meta":{"ocean_post_layout":"","ocean_both_sidebars_style":"","ocean_both_sidebars_content_width":0,"ocean_both_sidebars_sidebars_width":0,"ocean_sidebar":"0","ocean_second_sidebar":"0","ocean_disable_margins":"enable","ocean_add_body_class":"","ocean_shortcode_before_top_bar":"","ocean_shortcode_after_top_bar":"","ocean_shortcode_before_header":"","ocean_shortcode_after_header":"","ocean_has_shortcode":"","ocean_shortcode_after_title":"","ocean_shortcode_before_footer_widgets":"","ocean_shortcode_after_footer_widgets":"","ocean_shortcode_before_footer_bottom":"","ocean_shortcode_after_footer_bottom":"","ocean_display_top_bar":"default","ocean_display_header":"default","ocean_header_style":"","ocean_center_header_left_menu":"0","ocean_custom_header_template":"0","ocean_custom_logo":0,"ocean_custom_retina_logo":0,"ocean_custom_logo_max_width":0,"ocean_custom_logo_tablet_max_width":0,"ocean_custom_logo_mobile_max_width":0,"ocean_custom_logo_max_height":0,"ocean_custom_logo_tablet_max_height":0,"ocean_custom_logo_mobile_max_height":0,"ocean_header_custom_menu":"0","ocean_menu_typo_font_family":"0","ocean_menu_typo_font_subset":"","ocean_menu_typo_font_size":0,"ocean_menu_typo_font_size_tablet":0,"ocean_menu_typo_font_size_mobile":0,"ocean_menu_typo_font_size_unit":"px","ocean_menu_typo_font_weight":"","ocean_menu_typo_font_weight_tablet":"","ocean_menu_typo_font_weight_mobile":"","ocean_menu_typo_transform":"","ocean_menu_typo_transform_tablet":"","ocean_menu_typo_transform_mobile":"","ocean_menu_typo_line_height":0,"ocean_menu_typo_line_height_tablet":0,"ocean_menu_typo_line_height_mobile":0,"ocean_menu_typo_line_height_unit":"","ocean_menu_typo_spacing":0,"ocean_menu_typo_spacing_tablet":0,"ocean_menu_typo_spacing_mobile":0,"ocean_menu_typo_spacing_unit":"","ocean_menu_link_color":"","ocean_menu_link_color_hover":"","ocean_menu_link_color_active":"","ocean_menu_link_background":"","ocean_menu_link_hover_background":"","ocean_menu_link_active_background":"","ocean_menu_social_links_bg":"","ocean_menu_social_hover_links_bg":"","ocean_menu_social_links_color":"","ocean_menu_social_hover_links_color":"","ocean_disable_title":"default","ocean_disable_heading":"default","ocean_post_title":"","ocean_post_subheading":"","ocean_post_title_style":"","ocean_post_title_background_color":"","ocean_post_title_background":0,"ocean_post_title_bg_image_position":"","ocean_post_title_bg_image_attachment":"","ocean_post_title_bg_image_repeat":"","ocean_post_title_bg_image_size":"","ocean_post_title_height":0,"ocean_post_title_bg_overlay":0.5,"ocean_post_title_bg_overlay_color":"","ocean_disable_breadcrumbs":"default","ocean_breadcrumbs_color":"","ocean_breadcrumbs_separator_color":"","ocean_breadcrumbs_links_color":"","ocean_breadcrumbs_links_hover_color":"","ocean_display_footer_widgets":"default","ocean_display_footer_bottom":"default","ocean_custom_footer_template":"0","ocean_post_oembed":"","ocean_post_self_hosted_media":"","ocean_post_video_embed":"","ocean_link_format":"","ocean_link_format_target":"self","ocean_quote_format":"","ocean_quote_format_link":"post","ocean_gallery_link_images":"on","ocean_gallery_id":[],"footnotes":""},"categories":[4],"tags":[318,37,238],"class_list":["post-1843","post","type-post","status-publish","format-standard","has-post-thumbnail","hentry","category-arbeitskampf-im-swr","tag-intendanz","tag-luege","tag-swr","entry","has-media"],"_links":{"self":[{"href":"https:\/\/derpodcast.de\/wp\/wp-json\/wp\/v2\/posts\/1843","targetHints":{"allow":["GET"]}}],"collection":[{"href":"https:\/\/derpodcast.de\/wp\/wp-json\/wp\/v2\/posts"}],"about":[{"href":"https:\/\/derpodcast.de\/wp\/wp-json\/wp\/v2\/types\/post"}],"author":[{"embeddable":true,"href":"https:\/\/derpodcast.de\/wp\/wp-json\/wp\/v2\/users\/2"}],"replies":[{"embeddable":true,"href":"https:\/\/derpodcast.de\/wp\/wp-json\/wp\/v2\/comments?post=1843"}],"version-history":[{"count":10,"href":"https:\/\/derpodcast.de\/wp\/wp-json\/wp\/v2\/posts\/1843\/revisions"}],"predecessor-version":[{"id":2808,"href":"https:\/\/derpodcast.de\/wp\/wp-json\/wp\/v2\/posts\/1843\/revisions\/2808"}],"wp:featuredmedia":[{"embeddable":true,"href":"https:\/\/derpodcast.de\/wp\/wp-json\/wp\/v2\/media\/1470"}],"wp:attachment":[{"href":"https:\/\/derpodcast.de\/wp\/wp-json\/wp\/v2\/media?parent=1843"}],"wp:term":[{"taxonomy":"category","embeddable":true,"href":"https:\/\/derpodcast.de\/wp\/wp-json\/wp\/v2\/categories?post=1843"},{"taxonomy":"post_tag","embeddable":true,"href":"https:\/\/derpodcast.de\/wp\/wp-json\/wp\/v2\/tags?post=1843"}],"curies":[{"name":"wp","href":"https:\/\/api.w.org\/{rel}","templated":true}]}}