{"id":4,"count":33,"description":"Im SWR gibt es f\u00fcr die sogenannten \"festen freien Mitarbeiter\" eine eigens geschaffene Wortsch\u00f6pfung: arbeitnehmer\u00e4hnliche Mitarbeiter.\r\nDer SWR geht in seiner eigenen Interpretation des Arbeitsrechtes noch einen Schritt weiter: er sieht solche Mitarbeiter als \"arbeitnehmer\u00e4hnliche Unternehmer\".\r\nOb sich dahinter eine Scheinselbst\u00e4ndigkeit verbirgt, das muss ich nun herausfinden.\r\nDenn der SWR hat mir nach \u00fcber 20 Jahren der Mitarbeit faktisch gek\u00fcndigt.\r\nDagegen klage ich vor dem Sozial- und Arbeitsgericht.\r\nKl\u00e4rung \u00fcber die Rechtm\u00e4\u00dfigkeit dieser Art der Besch\u00e4ftigung (und den entsprechenden Umgang mit den langj\u00e4hrigen freien Mitarbeitern) wird aber wohl erst das Bundesverfassungsgericht bringen. Und genau dahin soll mich mein Weg f\u00fchren.","link":"https:\/\/derpodcast.de\/wp\/category\/arbeitskampf-im-swr\/","name":"Arbeitskampf im SWR","slug":"arbeitskampf-im-swr","taxonomy":"category","parent":0,"meta":[],"_links":{"self":[{"href":"https:\/\/derpodcast.de\/wp\/wp-json\/wp\/v2\/categories\/4","targetHints":{"allow":["GET"]}}],"collection":[{"href":"https:\/\/derpodcast.de\/wp\/wp-json\/wp\/v2\/categories"}],"about":[{"href":"https:\/\/derpodcast.de\/wp\/wp-json\/wp\/v2\/taxonomies\/category"}],"wp:post_type":[{"href":"https:\/\/derpodcast.de\/wp\/wp-json\/wp\/v2\/posts?categories=4"}],"curies":[{"name":"wp","href":"https:\/\/api.w.org\/{rel}","templated":true}]}}